{"id":588,"date":"2024-05-30T12:04:00","date_gmt":"2024-05-30T15:04:00","guid":{"rendered":"https:\/\/cma.adv.br\/?p=588"},"modified":"2024-07-05T18:13:23","modified_gmt":"2024-07-05T21:13:23","slug":"simulacao-de-artigo-na-midia","status":"publish","type":"post","link":"https:\/\/cma.adv.br\/en\/2024\/05\/30\/simulacao-de-artigo-na-midia\/","title":{"rendered":"Coelho Murgel Atherino Advogados: artigos publicados na m\u00eddia falam sobre a abertura do novo escrit\u00f3rio."},"content":{"rendered":"<p>&#8220;Coelho Murgel Atherino, CMA Advogados \u00e9 inaugurado no RJ. Escrit\u00f3rio, especializado em lit\u00edgios c\u00edveis estrat\u00e9gicos, abriu suas portas dia 20 de junho.&#8221;<br><br>&#8220;O escrit\u00f3rio Coelho Murgel Atherino, CMA Advogados, especializado em lit\u00edgios c\u00edveis estrat\u00e9gicos, abriu suas portas dia 20\/6. \u00c0 frente do novo escrit\u00f3rio est\u00e1 Sergio Coelho, um dos fundadores do Galdino &amp; Coelho Advogados.<\/p>\n\n\n\n<p>Coelho conduziu a sociedade por mais de dez anos juntamente com Flavio Galdino. Juntos, constru\u00edram uma marca forte no setor. Agora, no CMA, participam da nova sociedade os advogados Pedro Murgel e Marcelo Atherino, s\u00f3cios principais ao lado de S\u00e9rgio Coelho.<\/p>\n\n\n\n<p>O time conta com especialistas em contencioso c\u00edvel com larga experi\u00eancia na \u00e1rea. S\u00e3o profissionais que atuam em conjunto h\u00e1 anos, al\u00e9m de acumularem passagens por outras bancas que s\u00e3o refer\u00eancia na resolu\u00e7\u00e3o de conflitos.<\/p>\n\n\n\n<p>A experi\u00eancia dos s\u00f3cios e o olhar para o futuro s\u00e3o conceitos presentes na nova marca. No CMA Advogados, metade da equipe \u00e9 composta por mulheres. A\u00e7\u00f5es voltadas para a educa\u00e7\u00e3o e responsabilidade social ser\u00e3o obrigat\u00f3rias na agenda do escrit\u00f3rio.&#8221;<\/p>\n\n\n\n<p>Fonte: <a href=\"https:\/\/www.migalhas.com.br\/quentes\/409919\/coelho-murgel-atherino-cma-advogados-e-inaugurado-no-rj\">https:\/\/www.migalhas.com.br\/quentes\/409919\/coelho-murgel-atherino-cma-advogados-e-inaugurado-no-rj<\/a><\/p>\n\n\n\n<p>Site: <a href=\"https:\/\/cma.adv.br\/en\/\">www.cma.adv.br<\/a><\/p>\n\n\n\n<p>Instagram: <a href=\"https:\/\/lnkd.in\/dTsPJ7_Y\">https:\/\/lnkd.in\/dTsPJ7_Y<\/a><\/p>","protected":false},"excerpt":{"rendered":"<p>&#8220;Coelho Murgel Atherino, CMA Advogados \u00e9 inaugurado no RJ. Escrit\u00f3rio, especializado em lit\u00edgios c\u00edveis estrat\u00e9gicos, abriu suas portas dia 20 de junho.&#8221; &#8220;O escrit\u00f3rio Coelho Murgel Atherino, CMA Advogados, especializado em lit\u00edgios c\u00edveis estrat\u00e9gicos, abriu suas portas dia 20\/6. \u00c0 frente do novo escrit\u00f3rio est\u00e1 Sergio Coelho, um dos fundadores do Galdino &amp; Coelho Advogados. [&hellip;]<\/p>","protected":false},"author":1,"featured_media":1773,"comment_status":"open","ping_status":"open","sticky":false,"template":"","format":"standard","meta":{"footnotes":""},"categories":[10],"tags":[],"class_list":["post-588","post","type-post","status-publish","format-standard","has-post-thumbnail","hentry","category-na-midia"],"_links":{"self":[{"href":"https:\/\/cma.adv.br\/en\/wp-json\/wp\/v2\/posts\/588","targetHints":{"allow":["GET"]}}],"collection":[{"href":"https:\/\/cma.adv.br\/en\/wp-json\/wp\/v2\/posts"}],"about":[{"href":"https:\/\/cma.adv.br\/en\/wp-json\/wp\/v2\/types\/post"}],"author":[{"embeddable":true,"href":"https:\/\/cma.adv.br\/en\/wp-json\/wp\/v2\/users\/1"}],"replies":[{"embeddable":true,"href":"https:\/\/cma.adv.br\/en\/wp-json\/wp\/v2\/comments?post=588"}],"version-history":[{"count":2,"href":"https:\/\/cma.adv.br\/en\/wp-json\/wp\/v2\/posts\/588\/revisions"}],"predecessor-version":[{"id":1771,"href":"https:\/\/cma.adv.br\/en\/wp-json\/wp\/v2\/posts\/588\/revisions\/1771"}],"wp:featuredmedia":[{"embeddable":true,"href":"https:\/\/cma.adv.br\/en\/wp-json\/wp\/v2\/media\/1773"}],"wp:attachment":[{"href":"https:\/\/cma.adv.br\/en\/wp-json\/wp\/v2\/media?parent=588"}],"wp:term":[{"taxonomy":"category","embeddable":true,"href":"https:\/\/cma.adv.br\/en\/wp-json\/wp\/v2\/categories?post=588"},{"taxonomy":"post_tag","embeddable":true,"href":"https:\/\/cma.adv.br\/en\/wp-json\/wp\/v2\/tags?post=588"}],"curies":[{"name":"wp","href":"https:\/\/api.w.org\/{rel}","templated":true}]}}