{"id":2627,"date":"2026-04-28T15:54:10","date_gmt":"2026-04-28T18:54:10","guid":{"rendered":"https:\/\/cma.adv.br\/?p=2627"},"modified":"2026-04-28T15:54:11","modified_gmt":"2026-04-28T18:54:11","slug":"anna-luiza-piersanti-comenta-em-materias-publicadas-no-broadcast-e-diario-do-comercio","status":"publish","type":"post","link":"https:\/\/cma.adv.br\/en\/2026\/04\/28\/anna-luiza-piersanti-comenta-em-materias-publicadas-no-broadcast-e-diario-do-comercio\/","title":{"rendered":"Anna Luiza Piersanti comenta em mat\u00e9rias publicadas no Broadcast e Di\u00e1rio do Com\u00e9rcio"},"content":{"rendered":"<p>Anna Luiza Piersanti participou de mat\u00e9rias recentes sobre o avan\u00e7o dos pedidos de recupera\u00e7\u00e3o judicial no Brasil, tema que segue em evid\u00eancia diante dos desafios enfrentados por empresas em diversos setores.<\/p>\n\n\n\n<p>As an\u00e1lises foram publicadas no Broadcast e no Di\u00e1rio do Com\u00e9rcio, destacando o novo recorde registrado no primeiro trimestre, segundo estudo recente.<\/p>\n\n\n\n<p>Confira a publica\u00e7\u00e3o no link: <a href=\"https:\/\/lnkd.in\/dBiHZKCk\">https:\/\/lnkd.in\/dBiHZKCk<\/a> para o Broadcast ou para o <a href=\"https:\/\/agenciadcnews.com.br\/publicacao\/s\/recuperacao-judicial-registra-novo-recorde-no-1o-trimestre\">Di\u00e1rio do Com\u00e9rcio <\/a><\/p>\n\n\n\n<p><\/p>","protected":false},"excerpt":{"rendered":"<p>Anna Luiza Piersanti participou de mat\u00e9rias recentes sobre o avan\u00e7o dos pedidos de recupera\u00e7\u00e3o judicial no Brasil, tema que segue em evid\u00eancia diante dos desafios enfrentados por empresas em diversos setores. As an\u00e1lises foram publicadas no Broadcast e no Di\u00e1rio do Com\u00e9rcio, destacando o novo recorde registrado no primeiro trimestre, segundo estudo recente. Confira a [&hellip;]<\/p>","protected":false},"author":41,"featured_media":2628,"comment_status":"open","ping_status":"open","sticky":false,"template":"","format":"standard","meta":{"footnotes":""},"categories":[10],"tags":[],"class_list":["post-2627","post","type-post","status-publish","format-standard","has-post-thumbnail","hentry","category-na-midia"],"_links":{"self":[{"href":"https:\/\/cma.adv.br\/en\/wp-json\/wp\/v2\/posts\/2627","targetHints":{"allow":["GET"]}}],"collection":[{"href":"https:\/\/cma.adv.br\/en\/wp-json\/wp\/v2\/posts"}],"about":[{"href":"https:\/\/cma.adv.br\/en\/wp-json\/wp\/v2\/types\/post"}],"author":[{"embeddable":true,"href":"https:\/\/cma.adv.br\/en\/wp-json\/wp\/v2\/users\/41"}],"replies":[{"embeddable":true,"href":"https:\/\/cma.adv.br\/en\/wp-json\/wp\/v2\/comments?post=2627"}],"version-history":[{"count":1,"href":"https:\/\/cma.adv.br\/en\/wp-json\/wp\/v2\/posts\/2627\/revisions"}],"predecessor-version":[{"id":2629,"href":"https:\/\/cma.adv.br\/en\/wp-json\/wp\/v2\/posts\/2627\/revisions\/2629"}],"wp:featuredmedia":[{"embeddable":true,"href":"https:\/\/cma.adv.br\/en\/wp-json\/wp\/v2\/media\/2628"}],"wp:attachment":[{"href":"https:\/\/cma.adv.br\/en\/wp-json\/wp\/v2\/media?parent=2627"}],"wp:term":[{"taxonomy":"category","embeddable":true,"href":"https:\/\/cma.adv.br\/en\/wp-json\/wp\/v2\/categories?post=2627"},{"taxonomy":"post_tag","embeddable":true,"href":"https:\/\/cma.adv.br\/en\/wp-json\/wp\/v2\/tags?post=2627"}],"curies":[{"name":"wp","href":"https:\/\/api.w.org\/{rel}","templated":true}]}}