{"id":2623,"date":"2026-04-22T15:45:58","date_gmt":"2026-04-22T18:45:58","guid":{"rendered":"https:\/\/cma.adv.br\/?p=2623"},"modified":"2026-04-28T15:46:29","modified_gmt":"2026-04-28T18:46:29","slug":"por-mais-juizes-no-stf-sergio-coelho-assina-artigo-publicado-no-estadao","status":"publish","type":"post","link":"https:\/\/cma.adv.br\/en\/2026\/04\/22\/por-mais-juizes-no-stf-sergio-coelho-assina-artigo-publicado-no-estadao\/","title":{"rendered":"\u201cPor mais ju\u00edzes no STF\u201d: Sergio Coelho assina artigo publicado no Estad\u00e3o"},"content":{"rendered":"<p>Artigo de Sergio Coelho, \u201cPor mais ju\u00edzes no STF\u201d, publicado na coluna Opini\u00e3o do O Estado de S. Paulo, destaca que a experi\u00eancia de julgar \u00e9 um ativo institucional valioso demais para ser subestimado, especialmente em uma Corte respons\u00e1vel por decis\u00f5es que impactam diretamente o pa\u00eds.<\/p>\n\n\n\n<p>Confira o artigo completo no link: <a href=\"https:\/\/lnkd.in\/d8HUFhQa\">https:\/\/lnkd.in\/d8HUFhQa<\/a><\/p>\n\n\n\n<p><\/p>","protected":false},"excerpt":{"rendered":"<p>Artigo de Sergio Coelho, \u201cPor mais ju\u00edzes no STF\u201d, publicado na coluna Opini\u00e3o do O Estado de S. Paulo, destaca que a experi\u00eancia de julgar \u00e9 um ativo institucional valioso demais para ser subestimado, especialmente em uma Corte respons\u00e1vel por decis\u00f5es que impactam diretamente o pa\u00eds. Confira o artigo completo no link: https:\/\/lnkd.in\/d8HUFhQa<\/p>","protected":false},"author":41,"featured_media":2625,"comment_status":"open","ping_status":"open","sticky":false,"template":"","format":"standard","meta":{"footnotes":""},"categories":[9],"tags":[],"class_list":["post-2623","post","type-post","status-publish","format-standard","has-post-thumbnail","hentry","category-artigos"],"_links":{"self":[{"href":"https:\/\/cma.adv.br\/en\/wp-json\/wp\/v2\/posts\/2623","targetHints":{"allow":["GET"]}}],"collection":[{"href":"https:\/\/cma.adv.br\/en\/wp-json\/wp\/v2\/posts"}],"about":[{"href":"https:\/\/cma.adv.br\/en\/wp-json\/wp\/v2\/types\/post"}],"author":[{"embeddable":true,"href":"https:\/\/cma.adv.br\/en\/wp-json\/wp\/v2\/users\/41"}],"replies":[{"embeddable":true,"href":"https:\/\/cma.adv.br\/en\/wp-json\/wp\/v2\/comments?post=2623"}],"version-history":[{"count":2,"href":"https:\/\/cma.adv.br\/en\/wp-json\/wp\/v2\/posts\/2623\/revisions"}],"predecessor-version":[{"id":2626,"href":"https:\/\/cma.adv.br\/en\/wp-json\/wp\/v2\/posts\/2623\/revisions\/2626"}],"wp:featuredmedia":[{"embeddable":true,"href":"https:\/\/cma.adv.br\/en\/wp-json\/wp\/v2\/media\/2625"}],"wp:attachment":[{"href":"https:\/\/cma.adv.br\/en\/wp-json\/wp\/v2\/media?parent=2623"}],"wp:term":[{"taxonomy":"category","embeddable":true,"href":"https:\/\/cma.adv.br\/en\/wp-json\/wp\/v2\/categories?post=2623"},{"taxonomy":"post_tag","embeddable":true,"href":"https:\/\/cma.adv.br\/en\/wp-json\/wp\/v2\/tags?post=2623"}],"curies":[{"name":"wp","href":"https:\/\/api.w.org\/{rel}","templated":true}]}}