{"id":2614,"date":"2026-03-30T19:16:11","date_gmt":"2026-03-30T22:16:11","guid":{"rendered":"https:\/\/cma.adv.br\/?p=2614"},"modified":"2026-03-30T19:18:07","modified_gmt":"2026-03-30T22:18:07","slug":"artigo-de-anna-luiza-piersanti-analisa-julgamento-do-resp-no-2-234-939-rj-pelo-superior-tribunal-de-justica","status":"publish","type":"post","link":"https:\/\/cma.adv.br\/en\/2026\/03\/30\/artigo-de-anna-luiza-piersanti-analisa-julgamento-do-resp-no-2-234-939-rj-pelo-superior-tribunal-de-justica\/","title":{"rendered":"Artigo de Anna Luiza Piersanti analisa julgamento do REsp n\u00ba 2.234.939\/RJ pelo Superior Tribunal de Justi\u00e7a"},"content":{"rendered":"<p>Anna Luiza Piersanti, do Coelho Murgel Atherino Advogados, analisou o recente julgamento do REsp n\u00ba 2.234.939\/RJ pelo Superior Tribunal de Justi\u00e7a, destacando os limites da recupera\u00e7\u00e3o extrajudicial e, em especial, a impossibilidade de extens\u00e3o de seus efeitos a credores n\u00e3o aderentes. <\/p>\n\n\n\n<p>&#8220;A decis\u00e3o refor\u00e7a que o instituto n\u00e3o possui car\u00e1ter universal, restringindo seus efeitos apenas aos cr\u00e9ditos efetivamente contemplados no plano, afastando, assim, a nova\u00e7\u00e3o ou a suspens\u00e3o de medidas de cobran\u00e7a em rela\u00e7\u00e3o a terceiros n\u00e3o sujeitos.&#8221;<\/p>\n\n\n\n<p><a href=\"https:\/\/www.linkedin.com\/pulse\/resp-n%25C2%25BA-2234939rj-entre-negocia%25C3%25A7%25C3%25A3o-e-delimita%25C3%25A7%25C3%25A3o-stj-define-6k7gf?trackingId=HxP6sv8z9dyZjPTM%2FJTVwQ%3D%3D&amp;lipi=urn%3Ali%3Apage%3Aorganization_admin_admin_page_posts_published%3B639df0ac-0e8a-4cf4-8b9d-5698d330aa3d\">Confira o artigo na \u00edntegra<\/a>. <\/p>","protected":false},"excerpt":{"rendered":"<p>Anna Luiza Piersanti, do Coelho Murgel Atherino Advogados, analisou o recente julgamento do REsp n\u00ba 2.234.939\/RJ pelo Superior Tribunal de Justi\u00e7a, destacando os limites da recupera\u00e7\u00e3o extrajudicial e, em especial, a impossibilidade de extens\u00e3o de seus efeitos a credores n\u00e3o aderentes. &#8220;A decis\u00e3o refor\u00e7a que o instituto n\u00e3o possui car\u00e1ter universal, restringindo seus efeitos apenas [&hellip;]<\/p>","protected":false},"author":41,"featured_media":2616,"comment_status":"open","ping_status":"open","sticky":false,"template":"","format":"standard","meta":{"footnotes":""},"categories":[9],"tags":[],"class_list":["post-2614","post","type-post","status-publish","format-standard","has-post-thumbnail","hentry","category-artigos"],"_links":{"self":[{"href":"https:\/\/cma.adv.br\/en\/wp-json\/wp\/v2\/posts\/2614","targetHints":{"allow":["GET"]}}],"collection":[{"href":"https:\/\/cma.adv.br\/en\/wp-json\/wp\/v2\/posts"}],"about":[{"href":"https:\/\/cma.adv.br\/en\/wp-json\/wp\/v2\/types\/post"}],"author":[{"embeddable":true,"href":"https:\/\/cma.adv.br\/en\/wp-json\/wp\/v2\/users\/41"}],"replies":[{"embeddable":true,"href":"https:\/\/cma.adv.br\/en\/wp-json\/wp\/v2\/comments?post=2614"}],"version-history":[{"count":1,"href":"https:\/\/cma.adv.br\/en\/wp-json\/wp\/v2\/posts\/2614\/revisions"}],"predecessor-version":[{"id":2615,"href":"https:\/\/cma.adv.br\/en\/wp-json\/wp\/v2\/posts\/2614\/revisions\/2615"}],"wp:featuredmedia":[{"embeddable":true,"href":"https:\/\/cma.adv.br\/en\/wp-json\/wp\/v2\/media\/2616"}],"wp:attachment":[{"href":"https:\/\/cma.adv.br\/en\/wp-json\/wp\/v2\/media?parent=2614"}],"wp:term":[{"taxonomy":"category","embeddable":true,"href":"https:\/\/cma.adv.br\/en\/wp-json\/wp\/v2\/categories?post=2614"},{"taxonomy":"post_tag","embeddable":true,"href":"https:\/\/cma.adv.br\/en\/wp-json\/wp\/v2\/tags?post=2614"}],"curies":[{"name":"wp","href":"https:\/\/api.w.org\/{rel}","templated":true}]}}